{"id":2854,"date":"2022-02-10T10:50:15","date_gmt":"2022-02-10T09:50:15","guid":{"rendered":"https:\/\/www.cifalmalaga.org\/?p=2854"},"modified":"2022-02-10T10:50:15","modified_gmt":"2022-02-10T09:50:15","slug":"presentada-en-malaga-la-fundacion-gia-con-el-objetivo-de-sensibilizar-sobre-los-retos-y-oportunidades-del-envejecimiento","status":"publish","type":"post","link":"https:\/\/cifalmalaga.org\/en\/presentada-en-malaga-la-fundacion-gia-con-el-objetivo-de-sensibilizar-sobre-los-retos-y-oportunidades-del-envejecimiento\/","title":{"rendered":"Presentada en M\u00e1laga la Fundaci\u00f3n GIA con el objetivo de sensibilizar sobre los retos y oportunidades del envejecimiento"},"content":{"rendered":"<p class=\"Standard\" style=\"text-align: justify; text-justify: inter-ideograph;\"><span style=\"font-size: 12.0pt; line-height: 100%; font-family: 'Arial',sans-serif;\">El director de UNITAR, \u00c1lex Mej\u00eda, y el embajador Luis Gallegos, representante de la Iniciativa Global de Envejecimiento, han presentado hoy en un acto celebrado en el Ayuntamiento y al que ha asistido el alcalde de M\u00e1laga, Francisco de la Torre, la Fundaci\u00f3n \u2018Global Initiative on Ageing\u2019 (Fundaci\u00f3n GIA), que tiene por objetivo principal sensibilizar sobre los retos <a name=\"_Hlk93868930\"><\/a>y oportunidades que el envejecimiento de la poblaci\u00f3n aporta a una sociedad, y desarrollar las capacidades y las habilidades de responsables pol\u00edticos, gobiernos, sociedad civil, academia y medios de comunicaci\u00f3n, sobre pol\u00edticas p\u00fablicas, mejores pr\u00e1cticas y lecciones aprendidas de gobiernos especializados en este campo.<\/span><\/p>\n<p class=\"Standard\" style=\"text-align: justify; text-justify: inter-ideograph;\"><span style=\"font-size: 12.0pt; line-height: 100%; font-family: 'Arial',sans-serif;\">La Fundaci\u00f3n GIA busca convertirse en un centro mundial de conocimiento sobre el envejecimiento, explorando los cambios en el largo plazo econ\u00f3mico, social e implicaciones geopol\u00edticas de este grupo demogr\u00e1fico, al tiempo que proporcionar\u00e1 apoyo y coordinaci\u00f3n para crear un cuadro de profesionales capaces de tratar con el nuevo modelo de gobernanza del envejecimiento de la sociedad, fomentando mecanismos de coordinaci\u00f3n global. Adem\u00e1s, la fundaci\u00f3n investigar\u00e1 y estudiar\u00e1 los fen\u00f3menos del envejecimiento en torno al mundo, con el fin de dise\u00f1ar e impartir una formaci\u00f3n global, fortaleciendo capacidades sobre cuestiones relacionadas con el envejecimiento activo.<\/span><\/p>\n<p class=\"Standard\" style=\"text-align: justify; text-justify: inter-ideograph;\"><span style=\"font-size: 12.0pt; line-height: 100%; font-family: 'Arial',sans-serif;\">Por otro lado, entre los fines de esta nueva fundaci\u00f3n est\u00e1 tambi\u00e9n el fortalecimiento de la pol\u00edtica p\u00fablica sobre el envejecimiento en el \u00e1mbito nacional, gobiernos subnacionales y locales, mientras se posiciona a la ciudad de M\u00e1laga como centro de conocimiento reconocido alrededor del mundo en este campo. Igualmente, la Fundaci\u00f3n GIA aprovechar\u00e1 los esfuerzos de las organizaciones multilaterales que abordan cuestiones relacionadas con el envejecimiento, con el fin de crear mecanismos de coordinaci\u00f3n multilateral que posicionan Espa\u00f1a como centro de gobernanza global sobre el envejecimiento, y fomentar\u00e1 la adopci\u00f3n de una Convenci\u00f3n de las Naciones Unidas sobre los derechos de las personas mayores.<\/span><\/p>\n<p class=\"Standard\" style=\"text-align: justify; text-justify: inter-ideograph;\"><span style=\"font-size: 12.0pt; line-height: 100%; font-family: 'Arial',sans-serif;\">La puesta en marcha de fundaci\u00f3n forma parte del Proyecto AGEING que lidera Naciones Unidas en el \u00e1mbito de la Agenda 2030 a fin de hacer frente al envejecimiento de la poblaci\u00f3n, que se est\u00e1 convirtiendo en una de las transformaciones sociales m\u00e1s importantes del siglo XXI, con implicaciones para casi todos los sectores de la sociedad, incluidos el trabajo, la atenci\u00f3n m\u00e9dica y los mercados financieros, la demanda de bienes y servicios, como la vivienda, transporte y protecci\u00f3n social, as\u00ed como estructuras familiares y v\u00ednculos intergeneracionales.<\/span><\/p>\n<p class=\"Standard\" style=\"text-align: justify; text-justify: inter-ideograph;\"><span style=\"font-size: 12.0pt; line-height: 100%; font-family: 'Arial',sans-serif;\">Paralelamente, cada vez son m\u00e1s las personas de edad que contribuyen al desarrollo de la sociedad, por lo que el envejecimiento debe considerarse como una parte integral de las estrategias de desarrollo sostenible, teniendo en cuenta el compromiso mundial en torno a la Agenda 2030 de que nadie se quede atr\u00e1s y que todo ser humano tendr\u00e1 la oportunidad de desarrollar su potencial con dignidad e igualdad. <\/span><\/p>\n<p class=\"Standard\" style=\"text-align: justify; text-justify: inter-ideograph;\"><span style=\"font-size: 12.0pt; line-height: 100%; font-family: 'Arial',sans-serif;\">Esta iniciativa est\u00e1 auspiciada por CIFAL M\u00e1laga y ser\u00e1 presentada pr\u00f3ximamente a gobiernos, instituciones internacionales y organizaciones especializadas de las Naciones Unidas y surge en un momento muy especial tras los estragos que el COVID-19 ha producido en las personas mayores.<\/span><\/p>\n<p class=\"Standard\" style=\"text-align: justify; text-justify: inter-ideograph;\">","protected":false},"excerpt":{"rendered":"<p>El director de UNITAR, \u00c1lex Mej\u00eda, y el embajador Luis  [&#8230;]<\/p>","protected":false},"author":2,"featured_media":2855,"comment_status":"closed","ping_status":"closed","sticky":false,"template":"","format":"standard","meta":{"footnotes":""},"categories":[8,9],"tags":[],"class_list":["post-2854","post","type-post","status-publish","format-standard","has-post-thumbnail","hentry","category-noticias","category-slider"],"_links":{"self":[{"href":"https:\/\/cifalmalaga.org\/en\/wp-json\/wp\/v2\/posts\/2854","targetHints":{"allow":["GET"]}}],"collection":[{"href":"https:\/\/cifalmalaga.org\/en\/wp-json\/wp\/v2\/posts"}],"about":[{"href":"https:\/\/cifalmalaga.org\/en\/wp-json\/wp\/v2\/types\/post"}],"author":[{"embeddable":true,"href":"https:\/\/cifalmalaga.org\/en\/wp-json\/wp\/v2\/users\/2"}],"replies":[{"embeddable":true,"href":"https:\/\/cifalmalaga.org\/en\/wp-json\/wp\/v2\/comments?post=2854"}],"version-history":[{"count":1,"href":"https:\/\/cifalmalaga.org\/en\/wp-json\/wp\/v2\/posts\/2854\/revisions"}],"predecessor-version":[{"id":2856,"href":"https:\/\/cifalmalaga.org\/en\/wp-json\/wp\/v2\/posts\/2854\/revisions\/2856"}],"wp:featuredmedia":[{"embeddable":true,"href":"https:\/\/cifalmalaga.org\/en\/wp-json\/wp\/v2\/media\/2855"}],"wp:attachment":[{"href":"https:\/\/cifalmalaga.org\/en\/wp-json\/wp\/v2\/media?parent=2854"}],"wp:term":[{"taxonomy":"category","embeddable":true,"href":"https:\/\/cifalmalaga.org\/en\/wp-json\/wp\/v2\/categories?post=2854"},{"taxonomy":"post_tag","embeddable":true,"href":"https:\/\/cifalmalaga.org\/en\/wp-json\/wp\/v2\/tags?post=2854"}],"curies":[{"name":"wp","href":"https:\/\/api.w.org\/{rel}","templated":true}]}}